{"id":97,"date":"2007-08-05T23:50:43","date_gmt":"2007-08-05T21:50:43","guid":{"rendered":"http:\/\/www.zekkus.com\/?p=56"},"modified":"2007-08-05T23:50:43","modified_gmt":"2007-08-05T21:50:43","slug":"sua-maesta-il-re-antelao","status":"publish","type":"post","link":"https:\/\/www.zekkus.com\/?p=97","title":{"rendered":"Sua Maest\u00e0: il Re Antelao!"},"content":{"rendered":"<p>Eeehhh s\u00ec, finalmente \u00e8 arrivato L&#8217;Antelao! Una signora vetta che da un mesetto a questa parte Nicola ed io nominavamo tra gli obiettivi &#8220;onorevoli&#8221; da completare! Ecco la scheda del giorno:<\/p>\n<ul>\n<li>Dislivello: 2000 mt<\/li>\n<li>Difficolt\u00e0: EEA (buon allenamento e passo sicuro richiesti)<\/li>\n<li>Tempo di percorrenza: 9\/10 Ore<\/li>\n<li> Cartografia: <a title=\"Percorso\" href=\"http:\/\/www.zekkus.com\/gallerie\/antelao_050807\/percorso.jpg\" target=\"_blank\">Tabacco n. 25<\/a> (Dolomiti di Zoldo, Cadorine ed Agordine)<\/li>\n<li>Partenza: Parcheggio seggiovia San Vito di Cadore (1275 mt)<\/li>\n<li>Arrivo: Cima Antelao (3264 mt)<\/li>\n<li style=\"text-align: justify\"> Dal parcheggio si risale la strada (possibilit\u00e0 di tagliare per la pista da sci) verso il Rifugio Scotter (1580 mt). Da qui si prosegue per segnavia 229, su sentiero ghiaioso fino alla congiunzione con il 227 (1877 mt). Lo si prosegue sino a Forcella Piccola (2091). Da qui inizia la salita verso il vallone ghiaioso che ci porta fino all&#8217;attacco in cengia (Targa commemorativa) Si risale lungo cengia obliqua ed esposta fino al passaggio sulla sovrastante ampia lastronata. Qui, per pendenze intorno ai 25\u00b0, si risale dapprima su ghiaione, poi su placche lisciate e scavate dall&#8217;erosione fino ad un intaglio che ci fa salire sulla seconda lastronata, che aumenta di inclinazione (35-40\u00b0). Si prosegue in aderenza sui lastroni, piegando verso sinistra, raggiungendo il Bivacco Cosi (nascosto da uno spigolo, 3111 mt). Si continua su rocce e passaggi pi\u00f9 stretti, in alcuni punti esposti, con qualche salto di I, ci si porta sul versante Ovest dove esposti, si risale un camino (cavo d&#8217;acciao come aiuto e passaggi di II) si prosegue ancora in cresta esposta verso Est sino ad arrivare alla Cima (3264 mt).<br \/>\n<!--more--><\/li>\n<\/ul>\n<p>Detto anche &#8220;Il Re delle Dolomiti&#8221;, \u00e8 per la sua altezza la seconda cima di queste &#8220;montagniuccie&#8221;, e devo concordare che se lo merita tutto questo soprannome.<\/p>\n<p style=\"text-align: justify\">Quest&#8217;anno va cos\u00ec: la mancanza delle morose ci ha portato a frequentare un po&#8217; di pi\u00f9 le montagne, e quindi ad essere un tantino pi\u00f9 allenati. Nicola poi quest&#8217;anno viaggia come una spada, non c&#8217;\u00e8 che dire! E cos\u00ec,  quando una sera, cenando a casa sua, mi ha proposto l&#8217;Antelao, io sono rimasto un po&#8217; perplesso.  Lui ovviamente non parlava di fare due giorni e di partire dal Galassi, ma di farcelo in giornata, partendo da San Vito di Cadore, spararsi in vena duemilametri di dislivello e tornare gi\u00f9 a bere una birra. Beh, ero perplesso, non sapevo effettivamente se sarei stato in grado di farmi tutta st\u00e0 fatica senza essere d&#8217;intralcio e se la difficolt\u00e0 tecnica mi avrebbe bloccato a met\u00e0 strada o chiss\u00e0dove. E cos\u00ec decidemmo di farci qualche uscita prima, e la cima del <a title=\"Escursione Pramper\" href=\"http:\/\/www.zekkus.com\/?p=55\">Pramper<\/a> \u00e8 stata l&#8217;escursione che mi ha convinto che 2000 metri li potevo fare&#8230;  A fugare qualsiasi altro mio dubbio poi fu un sms del mio compare, che da buon psicologo aveva fatto gran presa sul mio orgoglio! (Non lo riporto perch\u00e8 c&#8217;\u00e8 la privacy! \ud83d\ude42 )<\/p>\n<p style=\"text-align: justify\">Il problema principale era partire: non volevamo arrivare a casa tardi e quindi decidemmo di partire alle 5 del mattino, ergo mi sono svegliato alle 4! ARGH!!! Che brutto dover rinunciare all&#8217;unico giorno di riposo della settimana! Ma va beh, si fa anche questo pur di assecondare il proprio orgoglio di camoscio \ud83d\ude42 Cos\u00ec, con un po&#8217; di emozione e di entusiasmo per il primo vero obiettivo di questa estate, ho messo lo zaino in auto e via con Nicola fino a San Vito di Cadore. Dopo un cappuccino al bar, abbiamo risalito la strada fino al parcheggio della seggiovia. Da qui la strada che porta al Rifugio Scotter \u00e8 chiusa durante il giorno (se non sbaglio dalle 7:30 del mattino alle 18) ma anche se fosse stata aperta, noi avevamo deciso di partire dal parcheggio (1275 mt). La temperatura era di ben 8\u00b0, ma si prospettava una bella giornata di sole.<\/p>\n<p style=\"text-align: justify\">Ore 7:15. Si parte risalendo la strada asfaltata nel primo tratto (c&#8217;\u00e8 la possibilit\u00e0 di tagliare ovunque se si ha fretta, ed infatti alcuni li abbiamo visti salire direttamente per la pista di sci).  Camminavamo con calma, volevamo godercela e scaldarci gradulmente, cos\u00ec da risparmiare le energie per la parte pi\u00f9 impegnativa. Il paesaggio \u00e8 gi\u00e0 affascinante, pareti di roccia ci abbracciano, ed il <a title=\"Pelmo\" href=\"http:\/\/www.zekkus.com\/gallerie\/antelao_050807\/images\/1_il_pelmo_al_mattino.jpg\" target=\"_blank\">Pelmo<\/a> alle nostre spalle \u00e8 qualcosa di magico, soprattutto nelle prime ore del mattino, quando il sole lo incendia.<\/p>\n<p style=\"text-align: justify\">L&#8217;asfalto lascia ben presto posto alla ghiaia e si sale, superando il Rifugio Scotter (1580 mt), che resta sotto di noi. Segnavia e cartelli per gli altri rifugi della zona sono sempre ben presenti, ed il sentiero taglia verso destra, comodamente tra i mughi.  Poco dopo lo Scotter inizia il segnavia 229 che con un po&#8217; pi\u00f9 di pendenza risale di circa 200 mt sino ad incrociare il sentiero 227 che quasi in piano ci porter\u00e0 alla Forcella Piccola.  Il sole comincia a spuntare dalle pareti, illuminando i Becchi d&#8217;Imposponda, ed alzando leggermente la temperatura. Si comincia ad intravedere la cima dell&#8217;Antelao e la sua imponenza. Notiamo delle macchie bianche proprio sulla vetta ed i nostri pensieri corrono subito alla possibilit\u00e0 che ci sia troppa neve o ghiaccio da non permetterci di arrivare fino alla cima. Sarebbe una beffa, dato che Nicola gi\u00e0 al suo primo tentativo ha dovuto rinunciare proprio a causa della neve, ed a me sarebbe comunque dispiaciuto fare duemila metri per fermarmi al bivacco. Ma si sa che in montagna queste cose accadono molto spesso e ci si deve solo rassegnare a riprovare. Rischiare non ha senso, soprattutto senza attrezzatura, ed \u00e8 la prima regola da imparare, se si vuole continuare ad andare per creste.<\/p>\n<p style=\"text-align: justify\">Comunque a parte i cattivi pensieri, abbiamo proseguito e con tranquillit\u00e0 siamo arrivati in <a title=\"Forcella Piccola\" href=\"http:\/\/www.zekkus.com\/gallerie\/antelao_050807\/images\/3_forcella_piccola.jpg\" target=\"_blank\">Forcella Piccola<\/a> (poco interpretabile il cartello che segna &#8220;forse&#8221; 2091 mt, mentre la cartina segna 2120 mt) . Qui siamo al sole, c&#8217;\u00e8 gente che proviene dal Rifugio Galassi ed altri stanno gi\u00e0 risalendo verso il ghiaione. Si prevede una giornata splendida ma affollata! Ci godiamo un attimo il panorama della forcella, con Cima Scotter proprio al nostro fianco, un&#8217;imponente muro di torrioni di roccia che mi danno quella sensazione di profonda piccolezza ed allo stesso tempo mi invitano a non dare niente per scontato ma anzi, ad avere la massima prudenza e rispetto per la montagna.<\/p>\n<p style=\"text-align: justify\">Si comincia quindi a risalire tra rocce ed erba, ed incontriamo un po&#8217; di gente che scende. Chiediamo se sono andati in vetta e se c&#8217;\u00e8 neve. Alcuni ci rispondo che non sono andati, altri che fino a ieri c&#8217;era un lastrone di ghiaccio a causa delle pioggie degli ultimi giorni, altri ci dicono che ci si arriva, nonostante qualche piccolo pezzo di ghiaccio e neve. Insomma notizie diverse da ognuno di loro!<em> &#8220;Staremo a vedere&#8221; <\/em>\u00e8 la nostra filosofia e proseguiamo su questa conca erbosa, finch\u00e8 inizia il ghiaione. Partendo presto ci troviamo fortunatamente all&#8217;ombra, <a title=\"Ghiaione\" href=\"http:\/\/www.zekkus.com\/gallerie\/antelao_050807\/images\/9_risalendo_il_ghiaione.jpg\" target=\"_blank\">il ghiaione<\/a> non \u00e8 cos\u00ec schifoso, a parte qualche tratto pi\u00f9 scivoloso, ma con calma lo risaliamo. E&#8217; abbastanza lungo da fare ma siamo ancora freschi ed arriviamo all&#8217;attacco della parete rocciosa, dove inizia il percorso pi\u00f9 &#8220;divertente&#8221; (una targa commemorativa sembra quasi voler rinnovare l&#8217;invito ad essere prudenti!).  Qui si risale su gradinate <a title=\"Cengia\" href=\"http:\/\/www.zekkus.com\/gallerie\/antelao_050807\/images\/13_nicola_sulle_cengie_inclinate.jpg\" target=\"_blank\">oblique<\/a> a zig zag, in alcuni punti esposte. Si arriva cos\u00ec alla &#8220;Bala&#8221;, superando cos\u00ec questo versante e portandosi sul pendio Nord. Pendio largo, con una inclinazione notevole. Si risalgono queste lastre di roccia, scavate dal ghiaccio e dalla pioggia, dapprima piene di ghiaia e sassi, e poi pi\u00f9 pulite. Qui alzando lo sguardo si ha una vista incredibile. Dal versante nord, inclinato, si ha l&#8217;impressione che da un momento all&#8217;altro la lastronata <a title=\"Pendio Nord\" href=\"http:\/\/www.zekkus.com\/gallerie\/antelao_050807\/images\/40_verso_la_cima_dal_pendio_nord.jpg\" target=\"_blank\">superiore<\/a> si stacchi e scivoli verso di noi.  Anche il panorama comincia a farsi interessante, dato che siamo ormai a pi\u00f9 di 2500 mt. Oltre al panorama, anche la fatica si fa sentire, e risalire queste lastre di roccia, nonostante l&#8217;ottima presa delle suole, \u00e8 faticoso. Molta gente sta scendendo e solo pochi salgono ancora, ma molti si fermeranno per nostra fortuna al Bivacco Cosi.<\/p>\n<p style=\"text-align: justify\">Si prosegue piegando verso destra per poi entrare in una sorta di trincea, dove si scende di qualche metro con un passaggio di I+ un po&#8217; esposto per poi risalire un breve camino dalle pareti oramai lisce per gli innumerevoli passaggi (I+). Si risale di nuovo verso sinitra, passando sulla seconda lastronata, dove la pendenza aumenta ancor di pi\u00f9, tra ghiaino e lastre pulite.  Man mano che si sale il pendio si restringe e ci si tiene sul lato sinistro, dal quale si possono vedere i due ghiacciai dell&#8217;Antelao, quello Inferiore e quello <a title=\"Ghiacciaio Superiore\" href=\"http:\/\/www.zekkus.com\/gallerie\/antelao_050807\/images\/21_il_ghiacciaio_superiore_dell_antelao.jpg\" target=\"_blank\">Superiore<\/a>.<\/p>\n<p style=\"text-align: justify\">Siamo certi che in vetta ci si pu\u00f2 arrivare, cos\u00ec almeno ci rassicurano un paio di ragazzi dall&#8217;aspetto &#8220;sicuro&#8221; e ci rallegra non poco questa notizia.  Il Bivacco Cosi (3111 mt) non lo vediamo nemmeno perch\u00e8 nascosto dietro uno spigolo, ma proseguiamo sul percorso verso la cima. Qui incontriamo ancora gente che scende e ne siamo felici, questo significa meno caos in vetta, soprattutto nei punti pi\u00f9 critici. Siamo quasi gli ultimi a salire, non abbiamo gente alle calcagna e questo ci da modo di salire con i nostri tempi (non che andassimo poi cos\u00ec piano!)<\/p>\n<p style=\"text-align: justify\">Proseguendo, il percorso si fa ora pi\u00f9 difficile, in molti punti si \u00e8 esposti e il vento di quota si fa sentire. Ancora un passaggio di I+ da fare per passare sul lato Est, dove alcuni preferiscono risalire al centro del canalino, altri passandolo per il lato esterno. Noi abbiamo fatto il canalino il salita ed il lato esterno in discesa. Si risale finch\u00e8 si ritorna sul lato Ovest, dove bisogna fare particolare attenzione ad un tratto inclinato e con una bella pellicola di ghiaccio sopra. Una corda con nodi per\u00f2 aiuta a superare anche questo passaggio. Qui gli ultimi di un gruppo di 25 persone scendono (25 persone tutte insieme!!! Per fortuna erano le ultime&#8230;) ed altri due ragazzi stanno salendo davanti a noi. Quattro chiacchiere in attesa che il gruppo ci lasci strada e risaliamo ora nel punto pi\u00f9 esposto, dove un canalino di II lo si passa con l&#8217;aiuto di cavo metallico (sfruttato di brutto, soprattutto la staffa per fare il primo salto ed arrampicarmi sopra le rocce!) Qui si prosegue verso una forcella, scendendo un breve tratto di I e risalendo nuovamente sul versante Est su tratto esposto sottocresta che porta fino alla cima! (3264 mt)<\/p>\n<p style=\"text-align: justify\">Io e Nicola ci scambiamo un cinque e ci facciamo i complimenti, insieme agli altri due ragazzi che ci precedevano di poco. La cima <a title=\"Antelao\" href=\"http:\/\/www.zekkus.com\/gallerie\/antelao_050807\/images\/24_ivo_e_nicola_sulla_vetta_dell_antelao.jpg\" target=\"_blank\">dell&#8217;Antelao<\/a>!!! Qui il vento soffia e mi metto il pail che ho nello zaino. Il panorama \u00e8 stupendo, peccato solo per alcune nubi verso Sud che ci vietano di vedere le cime conquistate negli scorsi Weekend. Si vede tutto! Pelmo (stupendo), Marmolada, Croda Rossa,  Tofane, Sorapiss, Marmarole, fino alle cime Austriache, alle Odle, insomma un panorama da favola. La giornata \u00e8 splendida, calda e mi siedo dietro ad una roccia cos\u00ec da essere riparato dal vento. Sono stanco e mangio di fretta, mentre Nicola scatta un po&#8217; di foto e firma il libro di vetta. Gli altri due svuotano salame, formaggio e tutto un negozio di alimentari dalla zaino.  Arriva un altro tedesco solitario, che si siede un po&#8217; pi\u00f9 in la&#8230; Io mi riposo ancora un po&#8217; e poco dopo decidiamo di scendere.  Ma dopo pochi metri ho un piccolo giramento di testa e mi fermo di nuovo qualche minuto. Probabilmente mi \u00e8 rimasto il cibo sullo stomaco per la fretta di mangiare, ma per fortuna dopo un po&#8217; comincio a digerirlo e mi sento meglio, burp!<\/p>\n<p style=\"text-align: justify\">Scendiamo quindi per la stessa via, io a dire il vero un po&#8217; preoccupato per il mio stato fisico, ma rifiuto l&#8217;uso della corda che Nicola aveva nello zaino. Volevo finire la mia vetta senza ulteriori aiuti, per il mio orgoglio montano. Avevo visto altra gente pi\u00f9 imbranata scendere senza aiuti, e quindi mi ero imposto ancora la massima concentrazione e tranquillit\u00e0. Pochi passi alla volta ma fatti bene. Il passaggio con il cavo metallico \u00e8 quello che mi impensierisce di pi\u00f9, perch\u00e8 scivolare da l\u00ec significa andare gi\u00f9 direttamente per il versante Ovest. Ma alle volte farlo \u00e8 pi\u00f9 facile che a dirlo e cos\u00ec \u00e8 stato.  Anche il secondo salto, che stavolta passiamo all&#8217;esterno, su roccia obliqua, in aderenza di suola, \u00e8 delicato ma basta essere concentrati e tenere piedi e mani saldi sulla roccia.<\/p>\n<p style=\"text-align: justify\">Da qui siamo praticamente fuori dalla zona pi\u00f9 esposta.  Troviamo altri due che stanno salendo, uno di Santa Maria di Sala ed uno dalla Valle D&#8217;Aosta. Scambiamo due chiacchiere a proposito del gruppo di 25 persone incrociato prima, due risate, e dopo lo scambio di &#8220;buona salita&#8221; e &#8220;buona discesa&#8221; riprendiamo il nostro percorso. Deviamo un attimo verso il <a title=\"Bivacco Cosi\" href=\"http:\/\/www.zekkus.com\/gallerie\/antelao_050807\/images\/35_il_bivacco_cosi.jpg\" target=\"_blank\">Bivacco Cosi<\/a> (almeno per vederlo), dove Nicola si ferma per un bisognino. Bisognino che ci fa perdere una buona mezz&#8217;oretta per problemi tecnici e dove &#8220;l&#8217;indelicato&#8221; tedesco incontrato prima in vetta, non si preoccupa di passare proprio davanti alla &#8220;toilette&#8221; di Nicola. Beh, no comment, anche se il momento \u00e8 decisamente divertente per me, nel vedere il tedesco che si ferma a guardare Nicola e Nicola che lo guarda come per dire <em>&#8220;ma vaff.. cazzo guardi?!?!? Proprio de qua te dovea passar???&#8221;<\/em><\/p>\n<p style=\"text-align: justify\">La pausa mi lascia il tempo di riposare un pochino e digerire quel pasto mangiato troppo frettolosamente. Nel frattempo vedo i due ragazzi di prima che cominciano a loro volta a scendere. Scendiamo con passo tranquillo lungo questa fantastica scultura di rocce scavate dal lavoro di pioggia, ghiaccio, vento e ghiaia, rocce dalle forme e dagli incastri veramente affascinanti. Qualche foto allo splendido <a title=\"Panorama\" href=\"http:\/\/www.zekkus.com\/gallerie\/antelao_050807\/images\/41_il_panorama_scendendo_dalla_bala.jpg\" target=\"_blank\">panorama<\/a> e dopo aver passato gli ultimi due salti, arriviamo al passaggio che ci porta nuovamente sulle cengie esposte, sulla &#8220;Bala&#8221;. Qui va posta nuovamente attenzione, perch\u00e8 la roccia \u00e8 sempre in pendenza, in pi\u00f9 punti stretta ed esposta. Scendiamo a zig zag, come per la salita, finch\u00e8 siamo costretti a stare in coda ad un gruppo di 4 persone che vanno con molta calma. Il pi\u00f9 anziano di loro ha un gomito pieno di sangue e capiamo quindi del perch\u00e8 di questa lentezza.  Giunti all&#8217;attacco del ghiaione, Nicola fa l&#8217;ennesima pausa &#8220;toilette&#8221;,  mentre io ne approfitto per mangiare un frutto e chiedere al signore se ha bisogno di disinfettare la ferita. Mi viene gentilmente detto che non \u00e8 necessario ed i quattro proseguono con calma sul ghiaione, salutandoci. Nel frattempo altri due, vestidi da ciclisti (di gente strana ce n&#8217;\u00e8!) risalgono la cengia.<\/p>\n<p style=\"text-align: justify\">Siamo oramai fuori &#8220;dai pericoi&#8221; e riprendiamo la discesa per il ghiaione, che ci permette di scivolare un po&#8217; (anche se faccio un paio di cadute impreviste con conseguente bestemmia mia e risata di Nicola!). Arrivati sui pendii erbosi, altra pausa per Nicola, mentre io scendo lento lento, voltandomi pi\u00f9 volte per ammirare con soddisfazione il percorso fatto, girando lo sguardo verso il Sorapiss e prendendo il caldo sole di Agosto  in viso. Riaggancio i 4 e li sorpasso, Nicola \u00e8 subito dietro e siamo finalmente in Forcella Piccola! E&#8217; fatta! L&#8217;Antelao \u00e8 nostro e Nicola alza i pugni al cielo esultando! Grande soddisfazione anche per me, veramente grande. Dalla forcella scendiamo prima con calma, poi tagliando di brutto per i ghiaioni (e qui ovviamente mi sono fatto venire stupidamente le vesciche!). Arriviamo velocemente al rifugio Scotter, dove ci sediamo proprio con il viso verso il Pelmo e le nostre birre alla sinistra, verso l&#8217;Antelao! Gran bel colpo d&#8217;occhio dal rifugio, non c&#8217;\u00e8 che dire. Prosciughiamo la bibita, ci gustiamo per qualche minuto la comodit\u00e0 di una sedia, il calore del sole, ed una piacevole brezza. Abbiamo ancora gli ultimi 300 metri da fare, e anche se sarei rimasto su quella sedia a dormire, ripartiamo perch\u00e8 sono le 18, la seggiovia \u00e8 stata appena chiusa e noi abbiamo anche due ore di auto per arrivare a casuccia.<\/p>\n<p style=\"text-align: justify\">Tranquilli per la strada esultiamo ancora per la nostra vetta conquistata, la riguardiamo finch\u00e8 \u00e8 possibile, fino alle ultime curve, in tutta la sua maestosit\u00e0; e poi con il mio solito zoppiccare da vesciche, giungiamo all&#8217;auto.  Dopo un po&#8217; arrivano anche i due ragazzi che avevamo incontrato scendendo. Avevano avuto la fortuna di trovare un passaggio in auto dal Rifugio e cos\u00ec si sono risparmiati l&#8217;ultimo tratto. Ancora quattro chiacchiere e scopriamo che il signore con il braccio insanguinato ha rischiato di morire.. Proprio di fronte a loro! Il tipo, con superficialit\u00e0, in un passaggio piuttosto esposto ha deciso di fare di testa sua, ed i due ragazzi, appena si sono voltati per andare avanti, hanno sentito l&#8217;urlo della donna che era con quel gruppo. Il signore ha perso la presa, cadendo di schiena e rischiando di finire gi\u00f9 per il dirupo. Fortunatamente lo zaino ha attutito la caduta e non \u00e8 scivolato gi\u00f9, ma la paura \u00e8 stata tanta e da quanto ci dicevano aveva battuto anche la testa.  Ovviamente si sono sprecate tra noi le frasi sul fatto che di irresponsabili ce ne siano tanti, e che dopo una caduta del genere, ad una certa et\u00e0, e battendo pure la testa, era il caso di chiamare il soccorso, invece di scendere ancora in autonomia.<\/p>\n<p style=\"text-align: justify\">Ma purtroppo questo \u00e8 forse il periodo peggiore per la montagna. Questa settimana, per 4 giorni di fila, leggevo sul quotidiano articoli di salvataggi sulle montagne. E tutti sono stati necessari a causa di inesperienza o superficialit\u00e0. Previsioni meteo ignorate, attrezzatura inadeguata, allenamento inadatto creano purtroppo queste situazioni, che alle volte finiscono tragicamente. Ma non voglio fare la morale, non \u00e8 il momento adatto direi e non penso di essere la persona pi\u00f9 indicata&#8230;<\/p>\n<p style=\"text-align: justify\">I due simpatici ragazzi sono rimasti con noi a chiacchierare un po&#8217; e poi, salutandoci, ognuno \u00e8 tornato alla propria auto per sbaraccare zaini, ripulirsi un po&#8217; e partire verso casa. Anche stavolta corda ed imbrago sono stati un peso in pi\u00f9 nello zaino&#8230; Un peso rassicurante per\u00f2&#8230;<\/p>\n<p style=\"text-align: justify\">Massima soddisfazione per questa cima, il mio primo vero obiettivo &#8220;sentito&#8221; di quest&#8217;anno. Una cima che mi ha fatto venire voglia di mettere mano sulla roccia ancora di pi\u00f9. E&#8217; quel misto di sensazioni, tra il timore e la soddisfazione, che gi\u00e0 ho sentito pi\u00f9 volte in altri sport, che mi solletica a continuare.  Del prossimo traguardo non so ancora quando ne potr\u00f2 parlare, ma intanto ci prepariamo, tempo permettendo, alla prossima cima!<\/p>\n<p><strong><em>Ivo<\/em><\/strong><\/p>\n<p align=\"center\">Le foto ovviamente son qui:<\/p>\n<p align=\"center\"><a href=\"http:\/\/www.zekkus.com\/gallerie\/antelao_050807\/index.html\"><img loading=\"lazy\" decoding=\"async\" title=\"Foto Antelao\" src=\"http:\/\/www.zekkus.com\/gallerie\/antelao_050807\/thumbnails\/50_i_pendii_nord_ovest_dell_antelao.jpg\" border=\"3\" alt=\"Foto Antelao\" width=\"100\" height=\"75\" \/><\/a><\/p>\n<p align=\"center\">\n","protected":false},"excerpt":{"rendered":"<p>Eeehhh s\u00ec, finalmente \u00e8 arrivato L&#8217;Antelao! Una signora vetta che da un mesetto a questa parte Nicola ed io nominavamo tra gli obiettivi &#8220;onorevoli&#8221; da completare! Ecco la scheda del giorno: Dislivello: 2000 mt Difficolt\u00e0: EEA (buon allenamento e passo sicuro richiesti) Tempo di percorrenza: 9\/10 Ore Cartografia: Tabacco n&#8230;. <a class=\"continue-reading-link\" href=\"https:\/\/www.zekkus.com\/?p=97\"> Continue reading <span class=\"meta-nav\">&rarr; <\/span><\/a><\/p>\n","protected":false},"author":1,"featured_media":0,"comment_status":"open","ping_status":"open","sticky":false,"template":"","format":"standard","meta":{"_exactmetrics_skip_tracking":false,"_exactmetrics_sitenote_active":false,"_exactmetrics_sitenote_note":"","_exactmetrics_sitenote_category":0,"_uf_show_specific_survey":0,"_uf_disable_surveys":false,"footnotes":""},"categories":[49],"tags":[80,81,82,83,84,85,53,58,60,67],"class_list":["post-97","post","type-post","status-publish","format-standard","hentry","category-montagna","tag-antelao","tag-bala","tag-bivacco-cosi","tag-cengia","tag-dolomiti","tag-escursioni","tag-montagna","tag-nicola","tag-trekking","tag-veneto"],"_links":{"self":[{"href":"https:\/\/www.zekkus.com\/index.php?rest_route=\/wp\/v2\/posts\/97","targetHints":{"allow":["GET"]}}],"collection":[{"href":"https:\/\/www.zekkus.com\/index.php?rest_route=\/wp\/v2\/posts"}],"about":[{"href":"https:\/\/www.zekkus.com\/index.php?rest_route=\/wp\/v2\/types\/post"}],"author":[{"embeddable":true,"href":"https:\/\/www.zekkus.com\/index.php?rest_route=\/wp\/v2\/users\/1"}],"replies":[{"embeddable":true,"href":"https:\/\/www.zekkus.com\/index.php?rest_route=%2Fwp%2Fv2%2Fcomments&post=97"}],"version-history":[{"count":0,"href":"https:\/\/www.zekkus.com\/index.php?rest_route=\/wp\/v2\/posts\/97\/revisions"}],"wp:attachment":[{"href":"https:\/\/www.zekkus.com\/index.php?rest_route=%2Fwp%2Fv2%2Fmedia&parent=97"}],"wp:term":[{"taxonomy":"category","embeddable":true,"href":"https:\/\/www.zekkus.com\/index.php?rest_route=%2Fwp%2Fv2%2Fcategories&post=97"},{"taxonomy":"post_tag","embeddable":true,"href":"https:\/\/www.zekkus.com\/index.php?rest_route=%2Fwp%2Fv2%2Ftags&post=97"}],"curies":[{"name":"wp","href":"https:\/\/api.w.org\/{rel}","templated":true}]}}