{"id":93,"date":"2006-10-08T19:53:39","date_gmt":"2006-10-08T17:53:39","guid":{"rendered":"http:\/\/www.zekkus.com\/?p=22"},"modified":"2006-10-08T19:53:39","modified_gmt":"2006-10-08T17:53:39","slug":"cima-nord-di-san-sebastiano-viaz-dei-cengioni","status":"publish","type":"post","link":"https:\/\/www.zekkus.com\/?p=93","title":{"rendered":"Cima Nord di San Sebastiano: Viaz dei Cengioni"},"content":{"rendered":"<p style=\"text-align: justify\" align=\"center\">\n<p style=\"text-align: center\"><a title=\"Cima Delle Lastie\" rel=\"lightbox\" href=\"gallerie\/San_Sebastiano_08_10_2006\/images\/cimedellelastie.jpg\"><img loading=\"lazy\" decoding=\"async\" title=\"Cima Delle Lastie\" src=\"immagini\/cimedellelastie.jpg\" border=\"1\" alt=\"Cima Delle Lastie\" hspace=\"1\" vspace=\"1\" width=\"150\" height=\"120\" align=\"left\" \/><\/a><\/p>\n<p><a title=\"In cengia...\" rel=\"lightbox\" href=\"gallerie\/San_Sebastiano_08_10_2006\/images\/cengiaversosansebastiano.jpg\"><img loading=\"lazy\" decoding=\"async\" title=\"In cengia...\" src=\"immagini\/cengiaversosansebastiano.gif\" border=\"1\" alt=\"In cengia...\" hspace=\"1\" vspace=\"1\" width=\"150\" height=\"120\" align=\"left\" \/><\/a><\/p>\n<p style=\"text-align: justify\">Il primo di una (spero) lunga serie di piccoli commenti sulle escursioni in montagna che sporadicamente mi capita di fare&#8230;<\/p>\n<p style=\"text-align: justify\">Come sfruttare una delle ultime giornate di splendido sole di met\u00e0 ottobre? Ma ovviamente andando a fare &#8220;due passi&#8221; in montagna!!!<\/p>\n<p style=\"text-align: justify\">L&#8217;escursione proposta dal mio caro amico Nicola \u00e8 stata questa volta &#8220;La cima nord di San Sebastiano&#8221;, nell&#8217;Agordino. Nicola, da buon accompagnatore escursionista, mi ha detto <em>&#8220;vieni a farti una passeggiata tranquilla con qualche amico?&#8221;<\/em>. Naturalmente quando lui dice <em>&#8220;passeggiata tranquilla&#8221;<\/em> bisogna sempre dubitarne perch\u00e8 lui \u00e8 un capriolo, io una tartaruga, quindi la scala di valori \u00e8 leggermente diversa \ud83d\ude42<\/p>\n<p><a title=\"Sempre pi\u00f9 difficile!\" rel=\"lightbox\" href=\"gallerie\/San_Sebastiano_08_10_2006\/images\/dcf00030.jpg\"><img loading=\"lazy\" decoding=\"async\" title=\"Sempre pi\u00f9 difficile\" src=\"immagini\/dcf00030.gif\" border=\"1\" alt=\"Sempre pi\u00f9 difficile\" hspace=\"1\" vspace=\"1\" width=\"150\" height=\"120\" align=\"left\" \/><\/a><\/p>\n<p><a title=\"La Cresta Sud\" rel=\"lightbox\" href=\"gallerie\/San_Sebastiano_08_10_2006\/images\/crestasudsansebastiano.jpg\"><img loading=\"lazy\" decoding=\"async\" title=\"La Cresta Sud\" src=\"immagini\/crestasudsansebastiano.gif\" border=\"1\" alt=\"La Cresta Sud\" hspace=\"1\" vspace=\"1\" width=\"150\" height=\"120\" align=\"left\" \/><\/a><\/p>\n<p style=\"text-align: justify\">Escursione molto bella e panoramica. Non particolarmente impegnativa ma nemmeno da trascurare per alcuni passaggi che per i meno esperti potrebbero sembrare pi\u00f9 pericolosi&#8230;<\/p>\n<p><!--more--><br \/>\nQuesta una breve scheda del percorso:<\/p>\n<p><em>Cima Nord di San Sebastiano: Viaz dei Cengioni &#8211; Canale d&#8217;Agordo (da Belluno ad Agordo)<\/em><\/p>\n<p><em><br \/>\nQuota partenza (m.): 1600<br \/>\nQuota vetta (m.): 2488<br \/>\nDislivello complessivo (m.): 1000<br \/>\nDifficolt\u00e0: EE<br \/>\nEsposizione: N\/O<br \/>\nLocalit\u00e0 partenza: Passo Duran (Veneto)<br \/>\nPunti appoggio: Rif. Tom\u00e8 al Passo Duran<\/em><\/p>\n<p><em>Cartografia:<br \/>\nTabacco n\u00b0 25<br \/>\nVedi anche:<br \/>\nGuida dei Monti d&#8217;Italia CAI &#8211; TCI<\/em><\/p>\n<p style=\"text-align: justify\"><em>Itinerario di cengia che si sviluppa lungo la parete Nord del gruppo San Sebastiano. Percorso estremamente panoramico, sempre evidente, segnato quanto basta, senza particolari difficolt\u00e0, se non per un paio di passaggi su roccette &#8211; max. II (uno in salita, uno in discesa). Una naturale continuazione dell&#8217;itinerario \u00e8 la salita alla Cima N di S. Sebastiano.<br \/>\nMateriali: utile un casco (si cammina a lungo sotto le pareti) e uno spezzone di corda.<br \/>\ndescrizione:<br \/>\nDal Passo Duran ci si dirige lungo la strada che scende in val Zoldana (Est) per un 100 m. ca. fino a trovare, al margine del bosco sulla destra, il cartello per il sent. 536.<br \/>\nSi segue il sentiero che nel bosco dirige verso ESE, fino al bivio (tabella) per il Viaz: si va ora decisamente verso S, risalendo un ripido sperone tra mughi e bosco sempre pi\u00f9 rado. Traccia sempre evidente, fino a raggiungere la base delle rocce. Sempre risalendo, ci si dirige ora leggermente verso E (sx salendo) e superato un piccolo camino, si raggiunge la cengia, qui molto ampia. La si segue con qualche saliscendi (mai troppo ripido), fino a portarsi sulla parete Ovest del S. Sebastiano.<br \/>\nSuperata un picolla sella, ci si deve calare per una decina di metri, superando un piccolo salto (II\u00b0, fittoni metallici, possib. doppia). Da qui rapidamente si raggiunge un&#8217;ampia sella erbosa dove termina il Viaz (ca. 3.00 ore dal Passo).<br \/>\nDa qui si pu\u00f2 discendere verso S (dx) e rientrare al passo Duran in ca. 1.00 ora oppure dirigere a N (sx) e seguire la traccia che conduce alla F.lla S. Sebastiano e da qui, risalire la cresta verso O fino alla vetta &#8211; 45 min. dal termine del Viaz.<\/em><\/p>\n<p>E dopo avervi mostrato alcune foto in anteprima, lascio ogni ulteriore commento a queste bellissime immagini: <a title=\"Guarda la galleria fotografica\" href=\"http:\/\/www.zekkus.com\/gallerie\/San_Sebastiano_08_10_2006\" target=\"_blank\">San Sebastiano<\/a><\/p>\n<p>PS: un ringraziamento particolare a Sandro per le bellissime foto! \ud83d\ude09<\/p>\n<p><em>Ivo &#8211; The Zekkus Imperialis<\/em><\/p>\n","protected":false},"excerpt":{"rendered":"<p>Il primo di una (spero) lunga serie di piccoli commenti sulle escursioni in montagna che sporadicamente mi capita di fare&#8230; Come sfruttare una delle ultime giornate di splendido sole di met\u00e0 ottobre? Ma ovviamente andando a fare &#8220;due passi&#8221; in montagna!!! L&#8217;escursione proposta dal mio caro amico Nicola \u00e8 stata&#8230; <a class=\"continue-reading-link\" href=\"https:\/\/www.zekkus.com\/?p=93\"> Continue reading <span class=\"meta-nav\">&rarr; <\/span><\/a><\/p>\n","protected":false},"author":1,"featured_media":0,"comment_status":"open","ping_status":"open","sticky":false,"template":"","format":"standard","meta":{"_exactmetrics_skip_tracking":false,"_exactmetrics_sitenote_active":false,"_exactmetrics_sitenote_note":"","_exactmetrics_sitenote_category":0,"_uf_show_specific_survey":0,"_uf_disable_surveys":false,"footnotes":""},"categories":[49],"tags":[56,57,53,58,59,60,61,62],"class_list":["post-93","post","type-post","status-publish","format-standard","hentry","category-montagna","tag-agordo","tag-cai","tag-montagna","tag-nicola","tag-san-sebastiano","tag-trekking","tag-viaz","tag-viaz-dei-cengioni"],"_links":{"self":[{"href":"https:\/\/www.zekkus.com\/index.php?rest_route=\/wp\/v2\/posts\/93","targetHints":{"allow":["GET"]}}],"collection":[{"href":"https:\/\/www.zekkus.com\/index.php?rest_route=\/wp\/v2\/posts"}],"about":[{"href":"https:\/\/www.zekkus.com\/index.php?rest_route=\/wp\/v2\/types\/post"}],"author":[{"embeddable":true,"href":"https:\/\/www.zekkus.com\/index.php?rest_route=\/wp\/v2\/users\/1"}],"replies":[{"embeddable":true,"href":"https:\/\/www.zekkus.com\/index.php?rest_route=%2Fwp%2Fv2%2Fcomments&post=93"}],"version-history":[{"count":0,"href":"https:\/\/www.zekkus.com\/index.php?rest_route=\/wp\/v2\/posts\/93\/revisions"}],"wp:attachment":[{"href":"https:\/\/www.zekkus.com\/index.php?rest_route=%2Fwp%2Fv2%2Fmedia&parent=93"}],"wp:term":[{"taxonomy":"category","embeddable":true,"href":"https:\/\/www.zekkus.com\/index.php?rest_route=%2Fwp%2Fv2%2Fcategories&post=93"},{"taxonomy":"post_tag","embeddable":true,"href":"https:\/\/www.zekkus.com\/index.php?rest_route=%2Fwp%2Fv2%2Ftags&post=93"}],"curies":[{"name":"wp","href":"https:\/\/api.w.org\/{rel}","templated":true}]}}