{"id":55,"date":"2007-07-22T16:47:35","date_gmt":"2007-07-22T14:47:35","guid":{"rendered":"http:\/\/www.zekkus.com\/?p=55"},"modified":"2007-07-22T16:47:35","modified_gmt":"2007-07-22T14:47:35","slug":"pramper-e-dintorni-totale-2317-mt","status":"publish","type":"post","link":"https:\/\/www.zekkus.com\/?p=55","title":{"rendered":"Pramper e d&#8217;intorni&#8230; Totale: 2317 Mt"},"content":{"rendered":"<p style=\"text-align: justify\">Questo \u00e8 il racconto di una giornata intensa, di un percorso faticoso, in parte imprevisto, in parte voluto, di deviazioni, di soddisfazioni, di 12 ore di montagna, di sudore e qualche bestemmietta. E&#8217; il racconto del &#8220;giretto&#8221;, fatto con Nicola, sulla vetta del Pramper, partendo bassi per fare un po&#8217; di &#8220;allenamento&#8221; si era detto, in previsione dell&#8217;Antelao, che ci coster\u00e0 2000 mt di dislivello.<\/p>\n<p style=\"text-align: justify\">Vi do le info tecniche del nostro percorso, ma il giro pu\u00f2 avere parecchie varianti, quindi \u00e8 di buono spunto ma pu\u00f2 essere personalizzato e soprattutto abbreviato,  in particolar modo per chi \u00e8 interessato ad andare in vetta e non camminare molto.<\/p>\n<p><!--more--><\/p>\n<ul>\n<li>Dislivello: 2300 Mt<\/li>\n<li>Difficolt\u00e0: EE (discreto allenamento richiesto)<\/li>\n<li>Tempo di percorrenza: 10\/12 Ore.<\/li>\n<li>Cartografia: <a title=\"Percorso\" href=\"http:\/\/www.zekkus.com\/gallerie\/pramper_220707\/images\/50_percorso.jpg\" target=\"_blank\">Tabacco n. 25<\/a> (Dolomiti di Zoldo, Cadorine ed Agordine)<\/li>\n<li>Partenza: Soffranco, Val del Grisol,  al Ponte  (720 mt circa)<\/li>\n<li>Arrivo: Cima Pramper (2409 mt)<\/li>\n<li>Giro quasi ad anello, risalendo il sentiero 513 per la Val Costa dei Nass fino al Rifugio Pramperet Sommariva (1857 mt), proseguendo poi per segnavia 521 sino a Forcella Piccola (1943 mt), arrivo in cima al Monte Pramper, ritorno alla Forcella e discesa sino a Casera de Cornia (1733 mt) scendendo poi per segnavia 573 fino  a  Casera de la Cazeta. Da qui si risale  in ambiente molto rigoglioso sino a Forcella de la Cazeta (1838 mt) per poi ridiscendere in Val Costa dei Nass deviando verso destra in mezzo ad un bosco pieno di fogliame secco sino a ricongiungersi alla strada sterrata che riporta al punto di partenza.<\/li>\n<\/ul>\n<p style=\"text-align: justify\">Ok dopo la premessa ed il riassunto poco tecnico, ritorniamo al raccontino. Abbiamo deciso di partire da poco pi\u00f9 su di Grisol de Dentro, in Val Costa dei Nass, lasciando l&#8217;auto proprio poco prima di un ponticello in cui c&#8217;\u00e8 il divieto di accesso, a circa 720 mt di quota. La nostra destinazione iniziale era cima Pramperet, perch\u00e8 presenta qualche passaggino interessante che ci avrebbe permesso di metter mano sulla roccia. Pensavamo di fare intorno ai 1600 mt di dislivello, quindi non una cosa esagerata ma buona come allenamento, in vista come detto prima, dei duemila metri di dislivello da fare prossimamente per raggiungere la cima dell&#8217;Antelao. Beh, non \u00e8 andata proprio cos\u00ec&#8230;<\/p>\n<p style=\"text-align: justify\">La risalita della Val Costa dei Nass, lungo il sentiero 513 mi ha fatto sudare un pochino, forse perch\u00e8 sono partito incosciamente troppo veloce, o forse perch\u00e8 semplicemente andava su abbastanza &#8220;impirata&#8221;. Comunque dopo un&#8217;ora e 20 minuti avevamo fatto gi\u00e0 700 mt di dislivello, che per le mie modeste capacit\u00e0 fisiche, non era proprio da buttare. Il percorso \u00e8 in bosco, rigoglioso e selvaggio, e ci alternavamo ad un gruppo di tre signori che erano partiti poco prima di noi. Giunti al confine tra Val Costa dei Nass e Val Pramperet c&#8217;\u00e8 un simpatico breve traverso con corda fissa che passa proprio sull&#8217;unica costa che permette questo passaggio. Da qui il paesaggio \u00e8 veramente suggestivo: pareti di roccia tutt&#8217;intorno ed uno strapiombo sotto ai piedi (mi sono tenuto ben saldo alla corda!!!).<\/p>\n<p style=\"text-align: justify\">Passata la valle la pendenza diminuisce un po&#8217; ma si continua a salire fino ad arrivare al piano della Casera di Pramperet (1776 mt). Erba alta ed una bella visuale a trecentosessantagradi sulle montagne tutte intorno, Pramperet sulla destra, Cime de Zita sulla sinistra ed il percorso dell&#8217;alta via n.1 davanti a noi. Il percorso ora devia verso destra e risale verso il il rifugio Sommariva Pramperet (1857 mt). Qui ci siamo concessi una piccola sosta ed abbiamo goduto della vista del<a title=\"Castello di Moschesin\" href=\"http:\/\/www.zekkus.com\/?p=54\" target=\"_blank\"> Castello di Moschesin<\/a> con nostra grande soddisfazione! \ud83d\ude42<\/p>\n<p style=\"text-align: justify\">Si riprende il sentiero 521, si scende un pochino a causa delle deviazioni dovute a qualche frana (il sentiero \u00e8 in molti punti delimitato da pezzi di filo di plastica, di cordini e filo spinato che &#8220;invitano a non proseguire&#8221; \ud83d\ude42 ) sotto un sole che per fortuna questa volta \u00e8 leggermente velato&#8230;  Dopo una mezz&#8217;ora si arriva in Forcella Piccola (1943 mt) Ottima visuale delle cime e della Val di Cornia. Poco dopo \u00e8 arrivato anche il gruppetto di 3 amici che avevamo incrociato all&#8217;inizio. Loro sarebbero scesi per Casera de Cornia. Noi invece abbiamo proseguito in sinistra, tenendoci abbastanza in quota, tagliando il vallone della Cornia. Qui dapprima si passa tra i mughi su sentiero ben visibile, per poi finire su ghiaione, dove numerosi e ben visibili ometti segnalano la salita. Qui abbiamo fatto un piccolo grande errore perch\u00e8 ci siamo confusi un attimo le idee e siamo andati troppo avanti, illusi dagli ometti, passando il punto nel quale dovevamo risalire per andare verso il Pramperet, e cos\u00ec siamo andati avanti, in direzione del Pramper. Un gruppetto che scendeva ci ha fatto notare l&#8217;errore, e con un po&#8217; di disappunto ce la siamo messa via (oramai eravamo ben alti e avanti) ed abbiamo proseguito per il Pramper. Nicola ovviamente \u00e8 stato ferito nell&#8217;orgoglio\u00a0  \ud83d\ude42  per me invece andava bene lo stesso. Gli errori servono anche ad imparare meglio e non dare niente per scontato!<\/p>\n<p style=\"text-align: justify\">Cos\u00ec, con un po&#8217; di tristezza per questo imprevisto, abbiamo attaccato il canalone fino ad arrivare alla Forcella del Palon (2188 mt). Da qui si risale lungo il versante nord, seguendo gli ometti sempre presenti, su massi enormi e ghiaione. Il ghiaione del Moschesin era ancora vivo nella mia testa e quindi questo era una passeggiata a confronto. L&#8217;ultima parte \u00e8 stata abbastanza faticosa per me, perch\u00e8 comunque avevamo in corpo gi\u00e0 1600 mt di dislivello.  Un su e gi\u00f9 tra massi enormi fa di questo tratto un percorso suggestivo. Si passa un piccolo muretto di I\u00b0 grado, per poi riscenderlo sulla destra e risalire ancora una volta per un passaggio in I\u00b0 grado.  Nel ghiaione si arriva in breve alla piccola cima dove una croce di legno segna il punto pi\u00f9 alto (2409 mt). Da qui ci siamo rigustati le nostre vette gi\u00e0 conquistate (Moschesin, Tamer, San Sebastiano) e girandoci a sud sapevamo che pi\u00f9 in l\u00e0, nascosta, c&#8217;era la Croda Auta e la cengia dell&#8217;Adriano che ci faceva l&#8217;occhiolino (non la faremo mai&#8230;) E oltre a tutta questa bella visuale, verso sud,  nemmeno cento metri  pi\u00f9 in basso, il Pramperet ci salutava con un po&#8217; di astio per il nostro involontario tradimento \ud83d\ude41<\/p>\n<p style=\"text-align: justify\">Il sole andava e veniva, e visto che avevamo recuperato un po&#8217; le forze (io avevo recuperato perch\u00e8 Nicola non era manco stanco&#8230;) ho proposto una piccola deviazione: <em>&#8220;Invece di tornare da dove siamo venuti, perch\u00e8 non fare il giro per Forcella de la Cazeta?&#8221; <\/em>Perch\u00e8 no? Del resto erano <em>solo<\/em> altri circa 300 mt di dislivello, ma ci sentivamo bene e non avevamo fretta! Figurarsi poi se Nicola avrebbe detto di no \ud83d\ude42<\/p>\n<p style=\"text-align: justify\">Cos\u00ec, dopo un lauto pasto a base di sandwich con tonno, philadephia, speck ed insalata  (si lo s\u00f2 che \u00e8 un miscuglio ma a me piace!) qualche prugna, un&#8217;albicocca ed un paio di biscotti, siamo partiti gi\u00f9 in discesa nuovamente verso Forcella Piccola.<\/p>\n<p style=\"text-align: justify\">A met\u00e0 del vallone abbiamo girato lo sguardo verso l&#8217;alto ed abbiamo guardato il canalone che porta al Pramperet. Certo che se uno non sa che deve farlo.. \u00e8 un po&#8217; difficile immaginare che si possa fare! Vabb\u00e8, <em>&#8220;Amen&#8221;<\/em> ci siamo detti ed abbiamo proseguito.<\/p>\n<p style=\"text-align: justify\">La discesa ci porta velocemente a Casera de Cornia, dove qualche cavallo ed una fontana d&#8217;acqua un po&#8217; &#8220;calcarea&#8221; ci hanno dato il benvenuto.  Siamo di nuovo in un piano, circondati dalle montagne. Qui il paesaggio \u00e8 bello ordinato, erba corta e spazi aperti. Scendiamo di qualche metro per attraversare un piccolo torrente dopo il quale inizia nuovamente il sentiero 573 che scende verso destra, riattraversando poco pi\u00f9 avanti il torrente. Qui bisogna fare un minimo di attenzione a non perdere i segnavia, altrimenti si rischia di finire in altri sentieri tracciati che portano in giro per i boschi. L&#8217;erba ricomincia ad essere pi\u00f9 alta e mano a mano che si procede l&#8217;ambiente torna ad essere piuttosto selvaggio. Erba alta e piante lussureggianti nascondono in parte le tracce del sentiero ed in un paio di occasioni ci dobbiamo fermare per cercare bene il giusto proseguire del sentiero. Nell&#8217;attraversare il torrente ci gustiamo anche una bellissima cascatella, molto suggestiva, immersa nel verde, che ci fa venire voglia di buttare i piedi dentro. Ma la strada \u00e8 ancora lunga e dobbiamo proseguire.<\/p>\n<p style=\"text-align: justify\">Giungiamo quindi a Casera de la Cazeta, in uno spiazzo dove il sentiero (sempre con bolli rossi nascosti dall&#8217;erba alta) taglia in destra, risalendo dapprima con modesta pendenza e poi aumentando in modo piuttosto spinto. Qui arrivo piuttosto stanco. Risalire per me \u00e8 piuttosto faticoso e tengo obbligatoriamente un passo lento e costante per non sfinirmi. Arriviamo finalmente in forcella, dove ci accoglie una leggera brezza. Mi concedo un piccolo spuntino metre il cielo si fa un po&#8217; scuro e cominciamo a sperare che non arrivi la pioggia&#8230;<\/p>\n<p style=\"text-align: justify\">Qui purtroppo commettiamo il secondo errore della giornata perch\u00e8 siamo convinti di trovarci in Forcella de la Cazeta, mentre in verit\u00e0 per arrivare alla forcella il sentiero piegava a destra per un lungo tratto. Ci inganna invece questo sentiero, in parte segnato, che siamo convinti essere quello corretto. Alla nostra sinistra un sentiero poco battuto porta verso una piccola cima, ed a destra la stessa cosa. Giriamo un po&#8217; intorno ma non troviamo tracce chiare. Siamo per\u00f2 convinti che da qui si debba scendere, il tempo inizia ad essere ventoso e coperto e quindi decidiamo di scendere per quel canale erboso. Nicola scende per primo per assicurarsi che si possa fare e metre io cerco ancora qualche possibile traccia, mi avvisa di scendere. Il primo tratto \u00e8 particolarmente in pendenza e ci aggrappiamo ben bene sulla loppa per non scivolare. Attraversiamo il canalone da destra a sinistra e continuiamo zigzagando a scenderlo. Le mie gambe sono finite e decido di farlo in vera scivolata sul sedere e di aggrapparmi all&#8217;erba con le mani. Bello, divertente! L&#8217;erba alta \u00e8 morbida e mi fa scendere veloce, la presa con le mani \u00e8 sicura e l&#8217;erba \u00e8 meglio di una corda fissa. Ogni tanto ci voltiamo per vedere alle nostre spalle e siamo confortati dal fatto che abbiamo scelto la strada giusta per scendere. Dal versante pi\u00f9 a destra ci saremmo trovati un salto di roccia impraticabile.<\/p>\n<p style=\"text-align: justify\">La pendenza diminuisce leggermente ma continuo a scivolare per far riposare le gambe. Verso met\u00e0 discesa incontriamo il sentiero, quello giusto e segnato che taglia in diagonale da destra a sinistra. Una volta giunti a casa, ricontrollando la piantina ci renderemo conto di aver mancato il primo tratto proprio perch\u00e8 non abbiamo fatto la forcella giusta. Per\u00f2 ora ci siamo, abbiamo ritrovato il sentiero e lo seguiamo, sollevati dalla presenza dei bolli rossi che ci danno garanzia del percorso.  Si scende di brutto e ci ritroviamo lungo le cenge gi\u00e0 percorse in primavera, lungo questo sentiero, per\u00f2 in salita. Ancora una volta ci inganna il paesaggio. Ricordavamo che il sentiero tagliava in destra e scendeva verso il bosco, mentre tenendo la sinistra avremmo allargato troppo e ci saremmo diretti verso Casera Megna. Cos\u00ec tagliamo per sentiero in destra che per\u00f2 poco dopo finisce. Ancora dubbi! NOOOO! Io sfinito, con anche qualche vescica ai piedi (come sempre purtroppo) arranco. Facciamo un su e gi\u00f9 di una cinquantina di metri, un paio di volte, tra ghiaioni ed erba, finch\u00e8 ci rendiamo conto che forse siamo pi\u00f9 alti rispetto alla zona dove pensavamo di essere. Decidiamo allora di fare la scelta pi\u00f9 giusta! Tornare sui nostri passi e prendere il sentiero segnato, mal che vada, ci siamo detti, ci porta in un sentiero che conosciamo&#8230;<\/p>\n<p style=\"text-align: justify\">E cos\u00ec \u00e8 stato. Risaliamo ancora una volta gli ultimi metri di dislivello che ci riattaccano al sentiero. Io sono veramente finito e bestemmio un pochino sottovoce per la stanchezza (scusate dei dell&#8217;olimpo!) , ma in questi casi si deve tener duro e andare avanti. Sapevamo che comunque gi\u00f9 si andava in qualche modo. Nicola lo vedevo un po&#8217; preoccupato, un po&#8217; per l&#8217;ora tarda che cominciava ad arrivare, un po&#8217; per il tempo che peggiorava e probabilmente un po&#8217; perch\u00e8 vedeva me piuttosto finito. Cercavo quindi di non dargli altre preoccupazioni o motivi di ansia. Scendiamo, e dopo aver costeggiato un po&#8217; le pareti rocciose che ci erano tanto familiari, sbuchiamo finalmente nella zona dove veramente eravamo arrivati in primavera. Ci risolleva il morale tutto questo, e qui come ricordavamo, il sentiero piega a destra e scende piano piano nel bosco. Il bosco \u00e8 a &#8220;discesa rapida&#8221; tra un tappeto di foglie, ma \u00e8 un percorso molto lungo e continuiamo a sudare dalla fatica. Le mie vesciche si fanno sentire e cerco di mettere i piedi nel modo meno doloroso possibile, e continuiamo a scendere.<\/p>\n<p style=\"text-align: justify\">Ce la ricordavamo lunga questa discesa, e ricordavamo come in primavera, un simpatico nonnino di quelle parti, ci avesse dato letteralmente &#8220;merda&#8221; (scusate il francesismo) nello scendere davanti a noi. Nonostante i suoi 70 anni, non riuscivamo a stargli dietro&#8230; Altra generazione, altra resistenza. Non ne nascer\u00e0 pi\u00f9 di gente cos\u00ec, ne sono certo purtroppo.  Il nonnino quel giorno era salito sino in Forcella de la Cazeta per andare a vedere i camosci. Ci raccont\u00f2 di come nei due giorni precedenti aveva fatto legna e quindi fosse un po&#8217; stanco (noi manco ci siamo arrivati in forcella quel giorno&#8230;) Ci disse che suo figlio lo sgridava perch\u00e8 a settant&#8217;anni, andava ancora a caccia &#8220;tra i pericoli&#8221;, dato che un giorno uccise un camoscio il quale fin\u00ec gi\u00f9 per una cengia esposta dove non ci si arrivava a piedi. Il nonno si era allora calato in corda, si era messo il camoscio in spalla ed era tornato tranquillo a casa&#8230; E mentre noi ascoltavamo con stupore queste frasi dette da una bocca con oramai pochi denti, che rendevano le parole difficilmente comprensibili, il nonno ci salut\u00f2 e scese per il sentiero dicendoci <em>&#8220;Vado gi\u00f9 piano piano perch\u00e8 son stanco&#8221;<\/em>. Fossimo stati capaci di riprenderlo! Lo vedevamo sempre un paio di tornanti avanti a noi, scendere come un capriolo, con calma ma veloce come una spada! Persone fantastiche!<\/p>\n<p style=\"text-align: justify\">Ma torniamo al &#8220;presente&#8221;.  La discesa \u00e8 oramai finita (come il mio stato fisico) e solamente per un attimo facciamo un&#8217;altra piccola deviazione, ma subito torniamo sui nostri passi e finalmente arriviamo sulla strada ghiaiosa, dove il cartello con segnavia 513 indica la salita da dove provenivamo.<\/p>\n<p style=\"text-align: justify\">Ci sdraiamo letteralmente a terra, beviamo e mangiamo tutto quello che ci \u00e8 rimasto nello zaino. Nicola estrai l&#8217;altimetro e dopo avergli dato uno sguardo me lo lancia: segna 2317 mt di dislivello percorso.  Il nostro record personale. Siamo stanchi (io finito) ma soddisfatti per il giro, e per essere riusciti comunque a prendere le decisioni giuste nel momento dell&#8217;errore. Tutta esperienza, questo \u00e8 sicuro!<\/p>\n<p style=\"text-align: justify\">Il tempo \u00e8 ancora coperto, <em>&#8220;ma ora pu\u00f2 anche diluviare<\/em>&#8220;, dicevamo. Dopo la pausa, alziamo ancora una volta lo sguardo verso la Croda Auta che ci guarda dall&#8217;alto, consci che probabilmente non riusciremo mai a fare la sua Cengia dell&#8217;Adriano, data la difficolt\u00e0 elevata. Ci alziamo e con calma percorriamo l&#8217;ultimo tratto che ci porta all&#8217;auto. Lungo la strada qualche fragolina selvatica ci delizia e ci fa gustare l&#8217;ennesimo cambio di ambientazione. L&#8217;arrivo all&#8217;auto \u00e8 una visione bellissima. Ci cambiamo. Ho i piedi sfatti dalle vesciche, ma ormai sono arrivato e quindi va tutto bene. Salviettine umidificanti, qualche battuta e via sulla strada del ritorno. Ci fermiamo a Longarone, andiamo al solito bar, ci sgargarozziamo due Radler e un bel toast che ci rid\u00e0 un po&#8217; di carica, e dopo aver dato uno sguardo alla &#8220;fauna&#8221; locale, riprendiamo con calma il viaggio di ritorno&#8230;<\/p>\n<p>Altri commenti a questo percorso sono superflui, vi lascio qualche foto:<\/p>\n<p align=\"center\"><a title=\"Cima Pramper\" href=\"http:\/\/www.zekkus.com\/gallerie\/pramper_220707\/index.html\" target=\"_blank\"><img loading=\"lazy\" decoding=\"async\" title=\"Galleria Fotografica\" src=\"http:\/\/www.zekkus.com\/gallerie\/pramper_220707\/thumbnails\/18_cima_pramper.jpg\" border=\"3\" alt=\"Galleria Fotografica\" width=\"100\" height=\"75\" \/><\/a><\/p>\n<p align=\"center\"><strong><em>Ivo <\/em><\/strong><\/p>\n<p><!--more--><\/p>\n","protected":false},"excerpt":{"rendered":"<p>Questo \u00e8 il racconto di una giornata intensa, di un percorso faticoso, in parte imprevisto, in parte voluto, di deviazioni, di soddisfazioni, di 12 ore di montagna, di sudore e qualche bestemmietta. E&#8217; il racconto del &#8220;giretto&#8221;, fatto con Nicola, sulla vetta del Pramper, partendo bassi per fare un po&#8217;&#8230; <a class=\"continue-reading-link\" href=\"https:\/\/www.zekkus.com\/?p=55\"> Continue reading <span class=\"meta-nav\">&rarr; <\/span><\/a><\/p>\n","protected":false},"author":1,"featured_media":0,"comment_status":"open","ping_status":"open","sticky":false,"template":"","format":"standard","meta":{"_exactmetrics_skip_tracking":false,"_exactmetrics_sitenote_active":false,"_exactmetrics_sitenote_note":"","_exactmetrics_sitenote_category":0,"_uf_show_specific_survey":0,"_uf_disable_surveys":false,"footnotes":""},"categories":[49],"tags":[76,77,53,58,78,79,60,67],"class_list":["post-55","post","type-post","status-publish","format-standard","hentry","category-montagna","tag-agordino","tag-forcella-de-la-cazeta","tag-montagna","tag-nicola","tag-pramper","tag-rifugio-pramperet-sommariva","tag-trekking","tag-veneto"],"_links":{"self":[{"href":"https:\/\/www.zekkus.com\/index.php?rest_route=\/wp\/v2\/posts\/55","targetHints":{"allow":["GET"]}}],"collection":[{"href":"https:\/\/www.zekkus.com\/index.php?rest_route=\/wp\/v2\/posts"}],"about":[{"href":"https:\/\/www.zekkus.com\/index.php?rest_route=\/wp\/v2\/types\/post"}],"author":[{"embeddable":true,"href":"https:\/\/www.zekkus.com\/index.php?rest_route=\/wp\/v2\/users\/1"}],"replies":[{"embeddable":true,"href":"https:\/\/www.zekkus.com\/index.php?rest_route=%2Fwp%2Fv2%2Fcomments&post=55"}],"version-history":[{"count":0,"href":"https:\/\/www.zekkus.com\/index.php?rest_route=\/wp\/v2\/posts\/55\/revisions"}],"wp:attachment":[{"href":"https:\/\/www.zekkus.com\/index.php?rest_route=%2Fwp%2Fv2%2Fmedia&parent=55"}],"wp:term":[{"taxonomy":"category","embeddable":true,"href":"https:\/\/www.zekkus.com\/index.php?rest_route=%2Fwp%2Fv2%2Fcategories&post=55"},{"taxonomy":"post_tag","embeddable":true,"href":"https:\/\/www.zekkus.com\/index.php?rest_route=%2Fwp%2Fv2%2Ftags&post=55"}],"curies":[{"name":"wp","href":"https:\/\/api.w.org\/{rel}","templated":true}]}}