{"id":103,"date":"2008-04-15T23:31:20","date_gmt":"2008-04-15T22:31:20","guid":{"rendered":"http:\/\/www.zekkus.com\/?p=87"},"modified":"2008-04-15T23:31:20","modified_gmt":"2008-04-15T22:31:20","slug":"toni-di-grigio","status":"publish","type":"post","link":"https:\/\/www.zekkus.com\/?p=103","title":{"rendered":"Toni Di Grigio"},"content":{"rendered":"<p class=\"MsoNormal\" style=\"text-align: justify; line-height: normal\">Questa domenica \u00e8 stata l&#8217;ultima uscita pre-Nepal, in compagnia del buon <a href=\"http:\/\/www.audiografia.com\/blog\/?p=43\" target=\"_blank\" title=\"Post Fabio\"><span style=\"color: blue\">Fabio<\/span><\/a>.<o:p><\/o:p><\/p>\n<p class=\"MsoNormal\" style=\"text-align: justify; line-height: normal\">E dato che lui non ha pi\u00f9 voglia di scrivere ma pensa solo alle sue foto e a magnar e beva, tocca a me il piacevole compito del racconto.<o:p><\/o:p><\/p>\n<p class=\"MsoNormal\" style=\"text-align: justify; line-height: normal\">Sapevamo che il tempo sarebbe stato piuttosto schifoso, ma ci volevamo fidare nell&#8217;Arpav che, con le sue previsioni <em>&#8220;schiarimenti in giornata&#8221;,<\/em> ci poteva illudere di godere almeno di un minimo di panorama&#8230;<o:p><\/o:p><\/p>\n<p class=\"MsoNormal\" style=\"text-align: justify; line-height: normal\">Ci siamo infatti illusi.<o:p><\/o:p><\/p>\n<p><!--more--><\/p>\n<p class=\"MsoNormal\" style=\"text-align: justify; line-height: normal\">Per chi avesse voglia di fare il giretto, ecco il dettaglio &#8220;tecnico&#8221;:<o:p><\/o:p><\/p>\n<ul type=\"disc\">\n<li class=\"MsoNormal\" style=\"line-height: normal\">Dislivello:      1000 mt circa<o:p><\/o:p><\/li>\n<li class=\"MsoNormal\" style=\"line-height: normal\">Difficolt\u00e0:      E (a mio avviso EE per il discreto impegno fisico)<o:p><\/o:p><\/li>\n<li class=\"MsoNormal\" style=\"line-height: normal\">Tempo      di percorrenza: 2 ore e 30 andata, 2 ritorno<o:p><\/o:p><\/li>\n<li class=\"MsoNormal\" style=\"line-height: normal\">Cartografia:      <a href=\"Gallerie\/RifugioDalPiaz\/TabaccoRifugioDalPiaz.jpg\" title=\"Carta Tabacco\" target=\"_blank\">Tabacco n. 23<\/a> (Alpi Feltrine &#8211; Le Vette &#8211; Cimonega)<o:p><\/o:p><\/li>\n<li class=\"MsoNormal\" style=\"line-height: normal\">Partenza:      Passo Croce D&#8217;Aune (1015 mt)<o:p><\/o:p><\/li>\n<li class=\"MsoNormal\" style=\"line-height: normal\">Arrivo:      Rifugio Dal Piaz (1993 mt)<o:p><\/o:p><\/li>\n<li class=\"MsoNormal\" style=\"text-align: justify; line-height: normal\">Da      Croce D&#8217;Aune (poco dopo Pedavena, seguendo le indicazione stradali) si      risale inizialmente la strada asfaltata (segnavia 801) per poi abbandonarla      dopo qualche tornante e prendere sulla sinistra il sentiero. La salita      prosegue nel bosco, sale con una certa ripidit\u00e0 (scivoloso in caso di      pioggia, data l&#8217;abbondanza di rocce e foglie secche). Il sentiero taglia e      costeggia una vecchia strada militare che s&#8217;incrocia e pu\u00f2 essere una      variante per chi non ha voglia di fare troppa fatica (allunga comunque      moltissimi il percorso). Si sale poi in costa e permette, nelle belle      giornate, di godere di uno splendido panorama. Si abbandona dopo circa      un&#8217;ora il bosco e il sentiero piega verso est, incrociando nuovamente la      strada. Poco pi\u00f9 su il sentiero taglia nettamente sulla destra (fare      attenzione con scarsa visibilit\u00e0 in quanto viene spontaneo continuare      lungo la strada e si allungano i tempi!). Si risale ripidamente e lungo      altre scorciatoie si arriva al Rifugio Dal Piaz (1993 mt). Il ritorno      avviene per lo stesso sentiero o si pu\u00f2 variare seguendo la strada. Per      chi volesse \u00e8 possibile proseguire l&#8217;ascesa verso il Passo delle Grandi Vette      ed il monte Pavione) <strong>NB:<\/strong> in molte recensioni \u00e8 indicata la Tabacco      n. 22. Negativo! Probabilmente a seguito aggiornamento, la zona \u00e8 compresa      nella Tabacco n. 23 e non nella 22!<o:p><\/o:p><\/li>\n<\/ul>\n<p class=\"MsoNormal\" style=\"text-align: justify; line-height: normal\">Il viaggio sotto la pioggia in direzione Croce D&#8217;Aune \u00e8 stato piacevole, chiacchierando del pi\u00f9 e del meno. Colazione al volo a Feltre e via verso Pedavena. Per strada gi\u00e0 avevamo iniziato a segnare le varie trattorie e locande dove andare a mangiare dato che il tempo sembrava proprio non volerne sapere di aprirsi.<o:p><\/o:p><\/p>\n<p class=\"MsoNormal\" style=\"text-align: justify; line-height: normal\">L&#8217;arrivo a Croce D&#8217;Aune \u00e8 facile e lasciata l&#8217;auto nel parcheggio del piazzale, ci siamo bardati per bene perch\u00e8 faceva freschetto (4 gradi). Umidit\u00e0 a non finire, nubi alla Vodafone (tutto intorno a te!) e pioggerellina che andava e veniva. Il segnavia 801 inizia proprio sulla strada e prosegue per qualche tornante fino a deviare finalmente nel bosco. L&#8217;ascesa \u00e8 faticosetta. Va su bene, tra rocce e foglie secche scivolose. Iniziamo a toglierci giacca e poi pile perch\u00e8 l&#8217;umidit\u00e0 \u00e8 tanta e si suda un bel po&#8217;. Inizia a piovere e a cadere roba ghiacciata. Ma andiamo avanti, nonostante ogni scusa sia buona per proporre di scendere alla <a href=\"http:\/\/www.labirreriapedavena.com\/\" title=\"Birreria Pedavena\" target=\"_blank\">Birreria Pedavena<\/a> e finire la giornata con la panza piena. Ma siamo stoici e continuiamo.<o:p><\/o:p><\/p>\n<p class=\"MsoNormal\" style=\"text-align: justify; line-height: normal\">Dopo una mezz\u2019oretta iniziamo a trovare la neve (che aspettavamo e per la quale eravamo pure forniti di ottime ciaspole by Cioli\u2122). Insieme alla neve aumenta anche la coltre di nubi che riducono non poco la visibilit\u00e0. Fantastichiamo sui panorami che ci stiamo perdendo e a poco servono anche le macchine fotografiche dato che a parte il bianco della neve ed il grigio della nubi, la giornata non offre alto. Risaliamo per un discreto tratto lungo il versante ovest fino a piegare verso est, dove il sentiero si ricongiunge momentaneamente con la strada. Si prosegue risalendo la costa ovest dove i panorami si sprecano (in teoria) e la neve aumenta. Fortunatamente per\u00f2 \u00e8 abbastanza compatta e troviamo anche delle altre impronte che sembrano fresche. Questo ci evita di fare altra fatica e di dover mettere le ciaspole. I segni sono quasi sempre bene presenti, anche se la neve e la scarsa visibilit\u00e0 complica un po\u2019 le cose. Perdiamo infatti una possibile scorciatoia che ci avrebbe fatto risparmiare un dieci-quindici minuti e proseguiamo dritti per la strada che si allunga in piano verso ovest. Ci viene il dubbio che stiamo andando un po\u2019 \u201caffanculo\u201d ma la visibilit\u00e0 \u00e8 veramente limitata a 10-20 mt in alcuni momenti. Siamo comunque giusti, dato che avanzando ancora un po\u2019 troviamo il cartello (mt 1927) che si trova proprio sotto le Vette Grandi indicante il rifugio.<o:p><\/o:p><\/p>\n<p class=\"MsoNormal\" style=\"text-align: justify; line-height: normal\">Ancora una cinquantina di metri e finalmente, quasi come un vascello fantasma si mostra a noi il Rifugio Dal Piaz. Arriviamo con gioia perch\u00e9 siamo piuttosto stanchi e abbiamo anche fame. L\u00ec troviamo tre simpatici signori che condividono la nostra stessa impressione. <em>\u201cNon siamo gli unici matti che vanno in montagna con questo tempo!\u201d<o:p><\/o:p><\/em><\/p>\n<p class=\"MsoNormal\" style=\"text-align: justify; line-height: normal\">I signori erano proprio quelli di cui avevamo trovato le impronte lungo il percorso. Un rapido scambio di saluti ed i tre, con gli ombrelli se ne sono andati (la prima volta che vedo escursionisti con l\u2019ombrello!). Il rifugio sembra proprio bello (almeno da fuori). Moderno, da poco ristrutturato e con il bivacco invernale che odora ancora di legno appena tagliato. La neve \u00e8 tutta intorno, il cielo ed il panorama completamente grigi, tanto che da fastidio agli occhi. Niente da fare, oggi non \u00e8 giornata da foto e panorami romantici!<o:p><\/o:p><\/p>\n<p class=\"MsoNormal\" style=\"text-align: justify; line-height: normal\">Non ci resta che sfogarci su quello che ci viene sicuramente meglio, ovvero l\u2019ottimo salame \u201cde casa\u201d del mastro Cioli, unito a pane nero e un bel pezzo di formaggio. Lui s\u00ec che ne sa! Dopo il pasto anche un bel sorso di grappa ci riscalda da tutta l\u2019umidit\u00e0 che abbiamo in corpo. Ora si sta decisamente meglio. Non si pu\u00f2 dire la stessa cosa del tempo che invece di schiarire, riduce ancora di pi\u00f9 la visibilit\u00e0. Il piano alternativo \u00e8 scendere e andare in birreria Pedavena e darci dentro.<o:p><\/o:p><\/p>\n<p class=\"MsoNormal\" style=\"text-align: justify; line-height: normal\">Scendiamo e stavolta, senza nemmeno renderci conto facciamo la scorciatoia corretta che ci abbrevia un po\u2019 il percorso. La discesa \u00e8 un po\u2019 monotona e nell\u2019ultimo tratto dobbiamo fare attenzione perch\u00e9 sassi e foglie sono l\u00ec pronte a farci scivolare (cosa che puntualmente faccio). Incontriamo anche un paio di personaggi che si fermano a farci un paio di domande alle quali il buon Fabio risponde con cortesia e poi ci congeda con tutta la classe che solo lui pu\u00f2 avere: <em>\u201cVa ben fioi, ndemo x\u00f2 a beva n\u00e0 birra\u201d<o:p><\/o:p><\/em><\/p>\n<p class=\"MsoNormal\" style=\"text-align: justify; line-height: normal\">In meno di due ore siamo all\u2019auto ed il tempo ora ha deciso di \u201caprirsi\u201d un po\u2019 a valle e far uscire anche qualche timido raggio di sole. Buttiamo lo zaino e ci infiliamo nel bar che si trova proprio l\u00ec in piazza. La birra che ordiniamo ha vita breve e il gusto nel berla \u00e8 qualcosa de indescrivibile. Si riparte per Pedavena, dove con nostra gioia scopriamo essere aperta (e piena di gente). Belli zozzi di fango ci sediamo e ci sbafiamo due bei Baby Wurstel con patatine (erano gi\u00e0 le tre, mangiare di pi\u00f9 significava dormire lungo il viaggio\u2026) Anche qui la birra non ha avuto il tempo di riscaldarsi e dopo aver scandagliato le varie zoccole che gironzolavano per il locale, siamo ripartiti con una stanchezza e sonnolenza non da poco. Lungo la strada ci siamo tenuti svegli a botte di finestrino aperto e una sosta gelato+chinotto ha contribuito a svegliarci un po\u2019 di pi\u00f9.<o:p><\/o:p><\/p>\n<p class=\"MsoNormal\" style=\"text-align: justify; line-height: normal\">Cos\u00ec si \u00e8 conclusa una bella giornata, certo il panorama \u00e8 stato zero, ma la compagnia eccellente ed il piacere di condividerla in un ambiente come la montagna ripaga sempre da tutte le fatiche.<o:p><\/o:p><\/p>\n<p class=\"MsoNormal\" style=\"text-align: justify; line-height: normal\">Prosit!<o:p><\/o:p><\/p>\n<p class=\"MsoNormal\" style=\"text-align: justify; line-height: normal\">A voi le uniche foto fatte nei momenti con un po\u2019 pi\u00f9 di visibilit\u00e0:<\/p>\n<p><a href=\"Gallerie\/RifugioDalPiaz\/DalPiaz_1.jpg\" rel=\"lightbox\" title=\"Rifugio Dal Piaz\"><img loading=\"lazy\" decoding=\"async\" src=\"Gallerie\/RifugioDalPiaz\/DalPiaz_1.jpg\" alt=\"Rifugio Dal Piaz\" title=\"Streching\" align=\"left\" border=\"1\" height=\"120\" hspace=\"1\" vspace=\"1\" width=\"150\" \/><\/a><a href=\"Gallerie\/RifugioDalPiaz\/DalPiaz_2.jpg\" rel=\"lightbox\" title=\"Rifugio Dal Piaz\"><img loading=\"lazy\" decoding=\"async\" src=\"Gallerie\/RifugioDalPiaz\/DalPiaz_2.jpg\" alt=\"Rifugio Dal Piaz\" title=\"Streching\" align=\"left\" border=\"1\" height=\"120\" hspace=\"1\" vspace=\"1\" width=\"150\" \/><\/a><a href=\"Gallerie\/RifugioDalPiaz\/DalPiaz_3.jpg\" rel=\"lightbox\" title=\"Rifugio Dal Piaz\"><img loading=\"lazy\" decoding=\"async\" src=\"Gallerie\/RifugioDalPiaz\/DalPiaz_3.jpg\" alt=\"Rifugio Dal Piaz\" title=\"Streching\" align=\"left\" border=\"1\" height=\"120\" hspace=\"1\" vspace=\"1\" width=\"150\" \/><\/a><a href=\"Gallerie\/RifugioDalPiaz\/DalPiaz_4.jpg\" rel=\"lightbox\" title=\"Rifugio Dal Piaz\"><img loading=\"lazy\" decoding=\"async\" src=\"Gallerie\/RifugioDalPiaz\/DalPiaz_4.jpg\" alt=\"Rifugio Dal Piaz\" title=\"Streching\" align=\"left\" border=\"1\" height=\"120\" hspace=\"1\" vspace=\"1\" width=\"150\" \/><\/a><\/p>\n","protected":false},"excerpt":{"rendered":"<p>Questa domenica \u00e8 stata l&#8217;ultima uscita pre-Nepal, in compagnia del buon Fabio. E dato che lui non ha pi\u00f9 voglia di scrivere ma pensa solo alle sue foto e a magnar e beva, tocca a me il piacevole compito del racconto. Sapevamo che il tempo sarebbe stato piuttosto schifoso, ma&#8230; <a class=\"continue-reading-link\" href=\"https:\/\/www.zekkus.com\/?p=103\"> Continue reading <span class=\"meta-nav\">&rarr; <\/span><\/a><\/p>\n","protected":false},"author":1,"featured_media":0,"comment_status":"open","ping_status":"open","sticky":false,"template":"","format":"standard","meta":{"_exactmetrics_skip_tracking":false,"_exactmetrics_sitenote_active":false,"_exactmetrics_sitenote_note":"","_exactmetrics_sitenote_category":0,"_uf_show_specific_survey":0,"_uf_disable_surveys":false,"footnotes":""},"categories":[49],"tags":[115,116,117,118,107,119,120,121,53,122,123,60],"class_list":["post-103","post","type-post","status-publish","format-standard","hentry","category-montagna","tag-ciaspole","tag-cioli","tag-croce-daune","tag-escursionismo","tag-fabio","tag-fabio-ferraccioli","tag-ivo","tag-ivo-mayer","tag-montagna","tag-neve","tag-rifugio-dal-piaz","tag-trekking"],"_links":{"self":[{"href":"https:\/\/www.zekkus.com\/index.php?rest_route=\/wp\/v2\/posts\/103","targetHints":{"allow":["GET"]}}],"collection":[{"href":"https:\/\/www.zekkus.com\/index.php?rest_route=\/wp\/v2\/posts"}],"about":[{"href":"https:\/\/www.zekkus.com\/index.php?rest_route=\/wp\/v2\/types\/post"}],"author":[{"embeddable":true,"href":"https:\/\/www.zekkus.com\/index.php?rest_route=\/wp\/v2\/users\/1"}],"replies":[{"embeddable":true,"href":"https:\/\/www.zekkus.com\/index.php?rest_route=%2Fwp%2Fv2%2Fcomments&post=103"}],"version-history":[{"count":0,"href":"https:\/\/www.zekkus.com\/index.php?rest_route=\/wp\/v2\/posts\/103\/revisions"}],"wp:attachment":[{"href":"https:\/\/www.zekkus.com\/index.php?rest_route=%2Fwp%2Fv2%2Fmedia&parent=103"}],"wp:term":[{"taxonomy":"category","embeddable":true,"href":"https:\/\/www.zekkus.com\/index.php?rest_route=%2Fwp%2Fv2%2Fcategories&post=103"},{"taxonomy":"post_tag","embeddable":true,"href":"https:\/\/www.zekkus.com\/index.php?rest_route=%2Fwp%2Fv2%2Ftags&post=103"}],"curies":[{"name":"wp","href":"https:\/\/api.w.org\/{rel}","templated":true}]}}