{"id":101,"date":"2008-01-15T14:04:40","date_gmt":"2008-01-15T12:04:40","guid":{"rendered":"http:\/\/www.zekkus.com\/?p=66"},"modified":"2008-01-15T14:04:40","modified_gmt":"2008-01-15T12:04:40","slug":"riassunto-delle-puntate-precedenti","status":"publish","type":"post","link":"https:\/\/www.zekkus.com\/?p=101","title":{"rendered":"Riassunto delle puntate precedenti"},"content":{"rendered":"<p class=\"MsoNormal\" style=\"text-align: justify\">Che titolo dare a questo racconto smarzo? Pensavo &#8220;ultima uscita dell&#8217;anno&#8221;, &#8220;Fine 2007&#8221; &#8220;Tanti saluti a tutti&#8221;, o cose del genere, ma visto che \u00e8 da un bel po&#8217; che non scrivo, ridursi al solo fine anno \u00e8 pochino.Sembra un po\u2019 un copia\/incolla dell\u2019ultimo post di <a title=\"Il Blog di Fabio\" href=\"http:\/\/www.audiografia.com\/blog\/?p=35\" target=\"_blank\">Fabio<\/a> ma giuro, non era voluto! mi si perdoni per questo\u2026<\/p>\n<p class=\"MsoNormal\" style=\"text-align: justify\">Dicembre \u00e8 stato all\u2019insegna del \u201cquesta \u00e8 l\u2019ultima volta per quest\u2019anno che vado in montagna\u201d<\/p>\n<p class=\"MsoNormal\" style=\"text-align: justify\">Dapprima con Nicola e Davide sul <a title=\"Foto Monte Caulana\" href=\"http:\/\/www.zekkus.com\/gallerie\/Caulana_02122007\/index.html\" target=\"_blank\">Caulana<\/a>, dove il buon Davide ci ha fatto un po\u2019 patire perch\u00e9 \u201cNo io fino a l\u00ec non ci vengo, vi aspetto qui, non me la sento, c\u2019\u00e8 la neve, nonononono\u201d e poi a forza di spaccargli le scatole, distraendolo ciacolando \u00e8 arrivato fino in cima. Percorso molto bello e panoramico, partendo dal Pian delle More, risalendo la Val Grande senza particolari difficolt\u00e0 in circa 900 mt di dislivello, e percorrendo l\u2019ultimo breve tratto in una suggestiva cresta. Il panorama merita veramente una visita a questa cima, e la giornata soleggiata ci ha premiato. Ulteriore auto-premiazione \u00e8 stata la cioccolata calda con panna che ci siamo strafogati a Piancavallo. Ritornando a Davide, stiamo valutando l\u2019espulsione dal gruppo dei Fantastici Quattro. Per ora \u00e8 stato degradato a Donna invisibile. Obiettivo del 2008: toglierlo dall\u2019oziosa civilt\u00e0 e rimetterlo in condizioni umane.<\/p>\n<p class=\"MsoNormal\" style=\"text-align: justify\">La settimana dopo, io e Nicola, abbiamo ben pensato di fare un giro al cazzeggio nel Cansiglio: giornata balorda. Partiamo per fare un sentiero facile, cambiamo mille volte idea, poi vediamo \u201cla schiena\u201d del Cimon di Palantina e la voglia di farci una cima ci ha sopraffatti. Si piega sulla cresta, tra una sporcata di ghiaccio e neve, dove a cento metri dalla vetta ci fermiamo perch\u00e9 il tempo sembra peggiorare e Nicola,<span> <\/span>venuto con le scarpe \u201cslick\u201d usurate da miliardi di chilometri, scivola ad ogni passo. La scelta seppure molto dolorosa \u00e8 stata quella di rinunciare alla vetta. <em>\u201cTu se vuoi vai fino in cima\u201d<\/em> mi diceva el paja, ma il De Coubertin che c\u2019\u00e8 in me mi aveva convinto che \u201co tutti e due o nessuno\u201d era la scelta giusta. Tornati quasi alla fine della cresta, mentre mangiamo un pasto frugale, ci accoglie una dolce nevicata. Che bello! La mia prima nevicata di questo inverno! Scendiamo rapidamente per evitare di trovarci con le strade innevate. Qualche scivolone da circo di Nicola, la nevicata smette per poi ricominciare ancora pi\u00f9 intensa, ed il paesaggio comincia ad essere bello candido. Oramai la giornata \u00e8 strana ed \u00e8 appena l\u2019una cos\u00ec ci fermiamo ad un ristorante verso Pian Osteria e ci mangiamo un primo e secondo a base di Capriolo. Il risultato \u00e8 <span> <\/span>un blocco della digestione per entrambi tanto che, ritornati a casa, abbiamo cenato a base di minestrina calda, per spingere gi\u00f9 quel maledetto spezzatino con la polenta. Da menzionare inoltre l\u2019eliminazione definitiva degli scarponi \u201cslick\u201d di Nicola, che ho preso e buttato personalmente nel bidone della spazzatura! Bella giornata, balorda ma completa. \u201cE per quest\u2019anno\u201d mi sono detto \u201cdi andare in montagna mi sa che non se ne parla pi\u00f9\u2026\u201d<\/p>\n<p class=\"MsoNormal\" style=\"text-align: justify\">Fortunatamente mi sbagliavo.<\/p>\n<p class=\"MsoNormal\" style=\"text-align: justify\">Il weekend prima di Natale il buon Fabio mi invita ad una bella gita in compagnia sul <a title=\"Foto Monte Rite\" href=\"http:\/\/www.zekkus.com\/gallerie\/Rite_22122007\/index.html\" target=\"_blank\">Rite<\/a>. Dopo un anno dalla nostra prima ed unica uscita sul Serva, la coppia Audiografia-Zekkus finalmente si ritrova per gli auguri di Natale. Bella scelta, ho pensato subito, \u00e8 da quest\u2019estate che volevo andare sul Rite, ma l\u2019ho sempre messo da parte per altre mete. E cos\u00ec sabato mattina io e lui (gli amici nel frattempo avevano tirato pacchi multipli) ci siamo diretti verso nord, con la sua fiammante Golf dotata di impianto a gas\u2026 Prima della fatica, una rapida sosta a Longarone per la colazione, per comprare pane (da quel bel visino senza voce che ci ha serviti), e la carne secca buonissima che ho scoperto questa estate nella macelleria del paese, chiamata Pendula. Giornata di sole splendida, fredda in cima ma calda lungo la salita. Le ciaspole sono rimaste ovviamente nel bagagliaio. Neve ce n\u2019\u00e8 poca, solo nel versante nord e per lo pi\u00f9 congelata. Il versante sud \u00e8 invece verde, asciutto e sembra pi\u00f9 fine estate che dicembre. Fabio, che dice di essere fuori allenamento, panzone e bla bla bla, tiene un gran bel passo e mi fa sudare. Arriviamo velocemente in forcella di Val Inferna e da l\u00ec ammiro con orgoglio una visione grandiosa dell\u2019Antelao. Si sale poi in costa e si ammira tutta la Val del Boite. Stupenda. Arrivare in cima al Rite \u00e8 giustamente faticoso: n\u00e9 troppo n\u00e9 troppo poco. Dalla cima la vista \u00e8 veramente mozzafiato. La valle \u00e8 incantevole. Un 360 gradi di montagne dal Pelmo alla Tofana di Rozes, al Sorapiss, all\u2019Antelao, poi il Sassolungo di Cibiana, gli Sfornioi, fino al San Sebastiano e il Civetta. Non ho parole. Aveva ragione Fabio, mentre salendo restavo incantato dal panorama che si mostrava tra i rami, lui continuava a dirmi \u201caspetta a fare le foto.. vedrai dalla vetta!\u201d Foto a raffica. In cima, cercando di ripararci tra le mura del museo di Messner, un venticello gelido ci ricorda che siamo a dicembre. Ci godiamo ci\u00f2 che abbiamo comprato ed il grande Fabio ha portato un pezzo di grana delizioso ed una grappetta che fa il suo dovere. Brindiamo alle festivit\u00e0 ed alla splendida notizia che mi ha dato durante il viaggio. Grande Cioli, per quello che ti ho detto sai che mi ha riempito di gioia un po\u2019 come se fosse accaduto a me. In vetta ci fanno un po\u2019 compagnia due signori, anche loro escursionisti, uno dei quali 70enne. Notevole direi, Fabio ed io non possiamo fare a meno di pensare che speriamo di avere la stessa grinta di quel signore quando arriveremo noi ai 70.. Sperando de rivarghe! La discesa \u00e8 rapida e per le due, come se fosse estate, ci gustiamo una bella birrozza, seduti sugli sdrai del ristoro Tabia Deona, con il sole che ci scalda il corpo in modo a dir poco sublime. \u201cBeh, per quest\u2019anno abbiamo finito di andare in montagna.<\/p>\n<p class=\"MsoNormal\" style=\"text-align: justify\">Per la seconda volta, fortunatamente, mi sbagliavo.<\/p>\n<p class=\"MsoNormal\" style=\"text-align: justify\">Insofferenza \u00e8 la parola giusta. Cos\u00ec mi sentivo restando a casa e vedendo un sole limpido fuori dalla finestra di casa mia. E per farmi ancora pi\u00f9 rabbia, Fabio in quel momento era di nuovo in montagna, al Bivacco Toffolon, sul Messer (bivacco che \u00e8 ancora a credito di due scatole di tonno da me e Nicola\u2026). Ma come si dice in questi casi, \u201dmal comune mezzo gaudio\u201d ed un sms di Nicola che recitava pi\u00f9 o meno \u201cHo un bisogno matto di andare in montagna\u201d mi ha spinto a convincermi che per il bene dell\u2019umanit\u00e0, si doveva andare! La sera stessa, a casa sua, tra una fetta di salame e una pesca sotto spirito (omaggio distruttivo del Nobile) ci siamo decisi a fare un giretto tranquillo. E cos\u00ec \u00e8 andata. La giornata ovviamente \u00e8 stata l\u2019unica nell\u2019arco di una settimana ad essere nuvolosa, ma questo non ha guastato il nostro entusiasmo. Destinazione Monte Crep, prealpi sulla sinistra del Piave. Percorso simpatico e divertente di un migliaio di metri di dislivello, che ci ha dato anche qualche grattacapo nel trovare i sentieri giusti, date le differenze tra l\u2019ambiente, la carta (vecchia) e la mancanza di segnavia dove servivano e l\u2019eccessiva presenza dove proprio non servivano. Ma il sempre ottimo senso dell\u2019orientamento di Nicola ha fatto s\u00ec che il sentiero lo abbiamo sempre beccato, seppure con qualche su e gi\u00f9 in pi\u00f9. Dalla vetta del Crep, nonostante le nubi grigie e l\u2019aria gelida, l\u2019ottimo panorama ci ha ripagato della fatica. Il pasto frugale, dietro ad una cresta per riparaci dal vento \u00e8 stato a base di salame, biscotti, panini, arance e the, tutto fraternamente diviso. La discesa ci ha fornito qualche altro grattacapo nel trovare la retta via, e come sempre abbiamo beccato quello che \u201cne sa di pi\u00f9\u201d e che ci insegna con atteggiamento di superiorit\u00e0 qual \u00e8 la strada, con nostra grande ferita nell\u2019orgoglio\u2026<\/p>\n<p class=\"MsoNormal\" style=\"text-align: justify\">Arrivati all\u2019auto ci voleva il premio. Becchiamo l\u2019ultima caffetteria prima di entrare in autostrada e ci scafiamo una bella cioccolata con la panna ed annessa brioche. Peccato che al nostro fianco, una famiglia con 3 bimbi si sta scofanando delle splendide coppe di gelato con i frutti di bosco caldi. Mi alzo, vado al banco e ordino \u201cdue coppe come quelle che si stanno mangiando quei bambini viziati\u201d. Facciamo schifo lo so, ma \u00e8 periodo di festa e si pu\u00f2 fare. Buonissima comunque. Nicola al momento di pagare fa pure i meritati complimenti alla tipa (interessante) che per\u00f2 non sembra molto socievole e ci risponde con il minimo delle parole necessarie: \u201cGrazie\u201d. Beh, questa volta \u00e8 vero, questa \u00e8 stata l\u2019ultima escursione del 2007.<\/p>\n<p class=\"MsoNormal\" style=\"text-align: justify\">La sera si finisce a giocare a Tab\u00f9 (versione puareta, e lo dico solo per far incavolare Giorgia) con la gradita ospitalit\u00e0 di Gino e Silvia. Ovviamente vincono sempre i migliori mentre la frutta sotto spirito si spreca, liquori, pandori e tutto ci\u00f2 che pu\u00f2 rovinare la forma fisica esce dalla cucina di Nicola per entrare nelle nostre panze. Bella giornata, bella serata, quattro bei fine settimana. E non finirebbe qui, ma se scrivo troppo poi rompete e vi passa la voglia di leggere, quindi concludo qui.<\/p>\n<p class=\"MsoNormal\" style=\"text-align: justify\"><strong><em>Ivo<\/em><\/strong><\/p>\n<p class=\"MsoNormal\" style=\"text-align: justify\">\n","protected":false},"excerpt":{"rendered":"<p>Che titolo dare a questo racconto smarzo? Pensavo &#8220;ultima uscita dell&#8217;anno&#8221;, &#8220;Fine 2007&#8221; &#8220;Tanti saluti a tutti&#8221;, o cose del genere, ma visto che \u00e8 da un bel po&#8217; che non scrivo, ridursi al solo fine anno \u00e8 pochino.Sembra un po\u2019 un copia\/incolla dell\u2019ultimo post di Fabio ma giuro, non&#8230; <a class=\"continue-reading-link\" href=\"https:\/\/www.zekkus.com\/?p=101\"> Continue reading <span class=\"meta-nav\">&rarr; <\/span><\/a><\/p>\n","protected":false},"author":1,"featured_media":0,"comment_status":"open","ping_status":"open","sticky":false,"template":"","format":"standard","meta":{"_exactmetrics_skip_tracking":false,"_exactmetrics_sitenote_active":false,"_exactmetrics_sitenote_note":"","_exactmetrics_sitenote_category":0,"_uf_show_specific_survey":0,"_uf_disable_surveys":false,"footnotes":""},"categories":[49],"tags":[106,85,107,53,108,109,58,60],"class_list":["post-101","post","type-post","status-publish","format-standard","hentry","category-montagna","tag-caulana","tag-escursioni","tag-fabio","tag-montagna","tag-monte-crep","tag-monte-rite","tag-nicola","tag-trekking"],"_links":{"self":[{"href":"https:\/\/www.zekkus.com\/index.php?rest_route=\/wp\/v2\/posts\/101","targetHints":{"allow":["GET"]}}],"collection":[{"href":"https:\/\/www.zekkus.com\/index.php?rest_route=\/wp\/v2\/posts"}],"about":[{"href":"https:\/\/www.zekkus.com\/index.php?rest_route=\/wp\/v2\/types\/post"}],"author":[{"embeddable":true,"href":"https:\/\/www.zekkus.com\/index.php?rest_route=\/wp\/v2\/users\/1"}],"replies":[{"embeddable":true,"href":"https:\/\/www.zekkus.com\/index.php?rest_route=%2Fwp%2Fv2%2Fcomments&post=101"}],"version-history":[{"count":0,"href":"https:\/\/www.zekkus.com\/index.php?rest_route=\/wp\/v2\/posts\/101\/revisions"}],"wp:attachment":[{"href":"https:\/\/www.zekkus.com\/index.php?rest_route=%2Fwp%2Fv2%2Fmedia&parent=101"}],"wp:term":[{"taxonomy":"category","embeddable":true,"href":"https:\/\/www.zekkus.com\/index.php?rest_route=%2Fwp%2Fv2%2Fcategories&post=101"},{"taxonomy":"post_tag","embeddable":true,"href":"https:\/\/www.zekkus.com\/index.php?rest_route=%2Fwp%2Fv2%2Ftags&post=101"}],"curies":[{"name":"wp","href":"https:\/\/api.w.org\/{rel}","templated":true}]}}